{"id":2684,"date":"2022-06-27T21:25:00","date_gmt":"2022-06-27T20:25:00","guid":{"rendered":"https:\/\/kasparzehnder.com\/de\/?post_type=news&#038;p=2684"},"modified":"2022-07-04T22:17:51","modified_gmt":"2022-07-04T21:17:51","slug":"auf-sommer-tournee-mit-magdalena-kozena","status":"publish","type":"news","link":"https:\/\/kasparzehnder.com\/de\/news\/auf-sommer-tournee-mit-magdalena-kozena\/","title":{"rendered":"Auf Sommer-Tournee mit Magdalena Ko\u017een\u00e1"},"content":{"rendered":"\n<p><strong>Gemeinsam mit einem Freundes-Ensemble begleitet Kaspar Zehnder als Fl\u00f6tist die weltbekannte tschechische Mezzosopranistin und ihren Ehemann Sir Simon Rattle (am Klavier) vom 27. Juni bis 10. Juli 2022 auf deren Sommer-Tournee SOIR\u00c9E quer durch Europa.<\/strong><\/p>\n\n\n\n<p>Die K\u00fcnstlerin und ihre Begleiter treten an folgenden Orten auf:<\/p>\n\n\n\n<p>27.6.22 Zl\u00edn, Er\u00f6ffnungskonzert Concentus Moraviae Festival (CZ), 29.6.22 Barcelona (E), 01.07.22 Bad Kissingen (D), 03.07.22 Festival de Saint-Denis (F), 05.07.22 M\u00fcnchen (D), 07.07.22 Ingolstadt (D) und 09.07.22 Schleswig-Holstein Festival in Kiel (D). Auf dem Programm stehen Kammermusikwerke und Lieder u. a. von Lieder von Johannes Brahms, Anton\u00edn Dvo\u0159\u00e1k, Richard Strauss und Maurice Ravel.<\/p>\n\n\n\n<p><strong>SOIR\u00c9E<\/strong><\/p>\n\n\n\n<p>(Chamber music songs by Chausson, Stravinsky, Ravel, Jan\u00e1\u010dek, Strauss, Brahms and Dvo\u0159\u00e1k)<\/p>\n\n\n\n<p>Magdalena Ko\u017een\u00e1, mezzo<br>Sir Simon Rattle, piano<br>Kaspar Zehnder, flute<br>Chris Richards, clarinet<br>Giovanni Guzzo, violin<br>Rahel Rilling, violin<br>Amihaj Grosz, viola<br>David Adorjan, cello<\/p>\n","protected":false},"excerpt":{"rendered":"<p>Gemeinsam mit einem Freundes-Ensemble begleitet Kaspar Zehnder als Fl\u00f6tist die weltbekannte tschechische Mezzosopranistin und ihren Ehemann Sir Simon Rattle (am Klavier) vom 27. Juni bis 10. Juli 2022 auf deren Sommer-Tournee SOIR\u00c9E quer durch Europa. Die K\u00fcnstlerin und ihre Begleiter treten an folgenden Orten auf: 27.6.22 Zl\u00edn, Er\u00f6ffnungskonzert Concentus Moraviae Festival (CZ), 29.6.22 Barcelona (E), [&hellip;]<\/p>\n","protected":false},"author":2,"featured_media":2687,"menu_order":0,"template":"","meta":{"inline_featured_image":false},"categories":[],"tags":[311,312,309,50,123,305,301,308,306],"class_list":["post-2684","news","type-news","status-publish","has-post-thumbnail","hentry","tag-brahms","tag-dvorak","tag-janacek","tag-kaspar-zehnder","tag-magdalena-kozena","tag-ravel","tag-sir-simon-rattle","tag-strauss","tag-stravinsky"],"_links":{"self":[{"href":"https:\/\/kasparzehnder.com\/de\/wp-json\/wp\/v2\/news\/2684","targetHints":{"allow":["GET"]}}],"collection":[{"href":"https:\/\/kasparzehnder.com\/de\/wp-json\/wp\/v2\/news"}],"about":[{"href":"https:\/\/kasparzehnder.com\/de\/wp-json\/wp\/v2\/types\/news"}],"author":[{"embeddable":true,"href":"https:\/\/kasparzehnder.com\/de\/wp-json\/wp\/v2\/users\/2"}],"wp:featuredmedia":[{"embeddable":true,"href":"https:\/\/kasparzehnder.com\/de\/wp-json\/wp\/v2\/media\/2687"}],"wp:attachment":[{"href":"https:\/\/kasparzehnder.com\/de\/wp-json\/wp\/v2\/media?parent=2684"}],"wp:term":[{"taxonomy":"category","embeddable":true,"href":"https:\/\/kasparzehnder.com\/de\/wp-json\/wp\/v2\/categories?post=2684"},{"taxonomy":"post_tag","embeddable":true,"href":"https:\/\/kasparzehnder.com\/de\/wp-json\/wp\/v2\/tags?post=2684"}],"curies":[{"name":"wp","href":"https:\/\/api.w.org\/{rel}","templated":true}]}}