{"id":4099,"date":"2024-04-09T15:11:47","date_gmt":"2024-04-09T14:11:47","guid":{"rendered":"https:\/\/kasparzehnder.com\/de\/?post_type=news&#038;p=4099"},"modified":"2024-04-09T15:43:05","modified_gmt":"2024-04-09T14:43:05","slug":"begeisterung-fuer-arthur-furers-werk","status":"publish","type":"news","link":"https:\/\/kasparzehnder.com\/de\/news\/begeisterung-fuer-arthur-furers-werk\/","title":{"rendered":"Begeisterung f\u00fcr Arthur Furers Werk"},"content":{"rendered":"\n<p><strong>Eine Atmosph\u00e4re echter Festivalstimmung pr\u00e4gte das Konzertwochenende auf dem Areal der Petruskirchgemeinde Bern vom 23. bis zum 24. M\u00e4rz 2024 zum 100. Geburtstag des Berner Komponisten, Musikers und Musikp\u00e4dagogen Arthur Furer. &nbsp;Der Erfolg der qualitativ hochstehenden Konzerte \u00fcberw\u00e4ltigte die Festivalveranstalter und l\u00f6ste f\u00fcr Furers tiefgr\u00fcndige Musik Begeisterung aus.<\/strong><\/p>\n\n\n\n<p>Mit der Festivaleinf\u00fchrung am Vorabend des Festivals, Freitag, 22. M\u00e4rz 2024 in der Burgerbibliothek Bern durch den Musikwissenschafter Moritz Achermann, nahm das von Kaspar Zehnder initiierte Festival seinen Anfang.<\/p>\n\n\n\n<p><strong>Am Samstag, 23. M\u00e4rz 2024<\/strong> fanden drei Konzerte statt, die durch ein Trompetensignal (Giuseppe Fortunato Ferlita Gimenez, Trompete) angek\u00fcndigt wurden:<\/p>\n\n\n\n<ul class=\"wp-block-list\">\n<li>16.30 bis 18 Uhr: Kammermusikkonzert mit dem NERIDA Quartett (Werke von Beethoven, Furer und Brahms)<\/li>\n\n\n\n<li>19.00 bis 19.20 Kinderlieder von Arthur Furer dargeboten vom Berner M\u00fcnster Kinderchor (Alicia Suarez, Klavier\/Katrin G\u00fcnther, Leitung)<\/li>\n\n\n\n<li>Zwischen 16 Uhr und 19Uhr lief im Foyer ein Kurzfilm, den die Filmemacherin Julia Furer \u00fcber ihren Grossvater zusammengestellt hatte.<\/li>\n\n\n\n<li>19.30 bis 21.15 Uhr Festkonzert mit dem Berner Kammerorchester unter der Leitung von Kaspar Zehnder mit Solisten (Marysol Schalit, Sopran; Stephanie Szanto, Alt; Lo\u00efc F\u00e9lix, Tenor; Wolfgang Resch, Bariton) sowie dem Ensemble ardent und dem Vocalensemble suppl\u00e9ments musicaux.<\/li>\n<\/ul>\n\n\n\n<p><\/p>\n\n\n\n<p><strong>Am Sonntag, 24. M\u00e4rz 2024<\/strong> fand w\u00e4hrend des Gottesdienstes in der Petruskirche (Liturgie Pfr Daniel Ficker, Orgel Sarah Brunner) die Auff\u00fchrung von Furers Werk \u00abGolgatha\u00bb unter der Leitung von Kaspar Zehnder statt. Es wirkten mit der Schweizer Jugendchor (Chiara Selva und Lea Stadelmann, Einstudierung) und ein Instrumentalensemble (Ana Oltean, Fl\u00f6te; Ian Bousfield\/Jan Erik Kruijsse\/William Kinmont, Posaunen; Jaro Baran, Schlagzeug).<\/p>\n\n\n\n<p>Die Nachmittagskonzerte wurde wiederum vom Trompeter Giuseppe Fortunato Ferlita Gimenez angek\u00fcndigt:<\/p>\n\n\n\n<ul class=\"wp-block-list\">\n<li>Von 13.30 bis 14.15 bewegte der Schweizer Jugendchor die zahlreichen Konzertbesucherinnen und -besucher mit Arthur Furers Jahreszeitenlieder, dem Werk \u00abKathedrale\u00bb (Triptychon f\u00fcr 6-stimmigen Frauenchor a cappella nach Texten aus \u00abD\u00e4cher und Fenster\u00bb von Hans Rhyn und der Urauff\u00fchrung von Arthur Furers letztem Werk \u00abIch sah des Sommers letzte Rose stehn\u00bb.<\/li>\n\n\n\n<li>15 bis 16.15 Kammermusik von Arthur Furer, interpretiert durch zehn Studierende der Hochschule der K\u00fcnste Bern (HKB Musik)<\/li>\n\n\n\n<li>Zwischen 11 Uhr und 17Uhr lief im Foyer ein Kurzfilm, den die Filmemacherin Julia Furer \u00fcber ihren Grossvater zusammengestellt hatte.<\/li>\n\n\n\n<li>16.30 bis 16.50 Uhr Kinderlieder von Arthur Furer, vorgetragen vom Berner M\u00fcnster Kinderchor (Alicia Suarez, Klavier\/Katrin G\u00fcnther, Leitung)<\/li>\n\n\n\n<li>17 bis 18.30 Uhr Festkonzert mit dem Berner Kammerorchester unter der Leitung von Kaspar Zehnder mit Solisten (Marysol Schalit, Sopran; Stephanie Szanto, Alt; Lo\u00efc F\u00e9lix, Tenor; Wolfgang Resch, Bariton) sowie dem Ensemble ardent und dem Vocalensemble suppl\u00e9ments musicaux.<\/li>\n<\/ul>\n\n\n\n<p><\/p>\n\n\n\n<p><strong>Partnerschaften<\/strong><\/p>\n\n\n\n<p>Dem K\u00fcnstlerischen Leiter Kaspar Zehnder lag die Interpretation der Werke durch junge Musizierende besonders am Herzen. Arthur Furers Musik sollte der nachfolgenden Musikergeneration zug\u00e4nglich gemacht werden um die musikalisch hochstehenden Werke weiterleben zu lassen.<\/p>\n\n\n\n<p>Dieser Br\u00fcckenschlag darf als vollumf\u00e4nglich gelungen bezeichnet werden. Die jungen Musikerinnen und Musiker trugen die anspruchsvollen Werke mit grosser Begeisterung, Hingabe und grosser Professionalit\u00e4t vor.<\/p>\n\n\n\n<p>Das Festival wurde in Partnerschaft mit folgenden Institutionen durchgef\u00fchrt:<\/p>\n\n\n\n<ul class=\"wp-block-list\">\n<li>Petruskirche Bern<\/li>\n\n\n\n<li>Burgerbibliothek Bern<\/li>\n\n\n\n<li>Hochschule der K\u00fcnste Bern (HKB Musik)<\/li>\n\n\n\n<li>Berner M\u00fcnster Kinderchor<\/li>\n\n\n\n<li>Schweizer Jugendchor<\/li>\n\n\n\n<li>Berner Kammerorchester<\/li>\n<\/ul>\n\n\n\n<p>Als Medienpartner zeichnete Radio SRF2 Kultur zahlreiche Werke von Arthur Furer f\u00fcr \u00abmx3 neo\u00bb (Plattform f\u00fcr Neue Schweizer Musik) auf.<\/p>\n\n\n\n<p><strong>Fundraising<\/strong><\/p>\n\n\n\n<p>Es ist dem \u00fcberraschenden Programm des K\u00fcnstlerischen Leiters Kaspar Zehnder zuzuschreiben, dass das Projekt von der \u00f6ffentlichen Hand und zahlreichen Stiftungen unterst\u00fctzt wurde.<\/p>\n\n\n\n<p>Music Research &amp; Discoveries dankt allen, die das Projekt unterst\u00fctzt haben:<\/p>\n\n\n\n<ul class=\"wp-block-list\">\n<li>Stadt Bern<\/li>\n\n\n\n<li>Swisslos Kultur Kanton Bern<\/li>\n\n\n\n<li>Burgergemeinde Bern<\/li>\n\n\n\n<li>FONDATION SUISA<\/li>\n\n\n\n<li>BEKB F\u00f6rderfonds<\/li>\n\n\n\n<li>Temperatio Stiftung<\/li>\n\n\n\n<li>ERNST G\u00d6HNER STIFTUNG Zug<\/li>\n\n\n\n<li>Ursula Wirz Stiftung<\/li>\n\n\n\n<li>Fondation Iris Schermann<\/li>\n\n\n\n<li>Gesellschaft zu Ober-Gerwern<\/li>\n\n\n\n<li>GVB Kulturstiftung<\/li>\n\n\n\n<li>Migros Kulturprozent<\/li>\n\n\n\n<li>Zunft zu Schuhmachern<\/li>\n<\/ul>\n\n\n\n<p><\/p>\n\n\n\n<p><strong>Konzertbesucherinnen und &#8211; besucher<\/strong><\/p>\n\n\n\n<p>Das Festival Arthur Furer 2024 verzeichnete insgesamt rund 1400 Besucherinnen und Besucher. Darunter befanden sich zahlreiche ehemalige Sch\u00fclerinnen aus Furers Zeit als Musiklehrer am St\u00e4dtischen Seminar Marzili Bern (1952 bis 1988).<\/p>\n\n\n\n<p>Die<em> <\/em>Festival-Einf\u00fchrung im wundersch\u00f6nen Haller Lesesaal der Burgerbibliothek Bern am Freitagabend, 22.3.2024 z\u00e4hlte 42 BesucherInnen.<\/p>\n\n\n\n<figure class=\"wp-block-image size-large\"><img fetchpriority=\"high\" decoding=\"async\" width=\"1024\" height=\"434\" src=\"https:\/\/kasparzehnder.com\/de\/wp-content\/uploads\/sites\/3\/2024\/04\/20240322_Burgerbibliothek-Bern_Einfuehrung-Arthur-Furer-2024_Kaspar-Zehnder-1024x434.jpg\" alt=\"Einf\u00fchrung zum Jubil\u00e4umsfestival &quot;Arthur Furer 2024&quot; in der Burgerbibliothek Bern (Moritz Achermann). Kaspar Zehnder spielt Arthur Furers Werk &quot;Ballada&quot; (Foto: Angela Kreis-Muzzulini)\" class=\"wp-image-4106\" srcset=\"https:\/\/kasparzehnder.com\/de\/wp-content\/uploads\/sites\/3\/2024\/04\/20240322_Burgerbibliothek-Bern_Einfuehrung-Arthur-Furer-2024_Kaspar-Zehnder-1024x434.jpg 1024w, https:\/\/kasparzehnder.com\/de\/wp-content\/uploads\/sites\/3\/2024\/04\/20240322_Burgerbibliothek-Bern_Einfuehrung-Arthur-Furer-2024_Kaspar-Zehnder-300x127.jpg 300w, https:\/\/kasparzehnder.com\/de\/wp-content\/uploads\/sites\/3\/2024\/04\/20240322_Burgerbibliothek-Bern_Einfuehrung-Arthur-Furer-2024_Kaspar-Zehnder-768x326.jpg 768w, https:\/\/kasparzehnder.com\/de\/wp-content\/uploads\/sites\/3\/2024\/04\/20240322_Burgerbibliothek-Bern_Einfuehrung-Arthur-Furer-2024_Kaspar-Zehnder-1536x651.jpg 1536w, https:\/\/kasparzehnder.com\/de\/wp-content\/uploads\/sites\/3\/2024\/04\/20240322_Burgerbibliothek-Bern_Einfuehrung-Arthur-Furer-2024_Kaspar-Zehnder-2048x868.jpg 2048w\" sizes=\"(max-width: 1024px) 100vw, 1024px\" \/><figcaption class=\"wp-element-caption\"><em>Einf\u00fchrung zum Jubil\u00e4umsfestival &#8222;Arthur Furer 2024&#8220; in der Burgerbibliothek Bern (Moritz Achermann). Kaspar Zehnder spielt Arthur Furers Werk &#8222;Ballada&#8220; (Foto: Angela Kreis-Muzzulini)<\/em><\/figcaption><\/figure>\n\n\n\n<p><em>Samstag<\/em><\/p>\n\n\n\n<p>Das Kammermusik-Konzert mit dem NERIDA-Quartett im Kirchgemeindesaal am Samstag um 16.30 Uhr lockte 50 BesucherInnen an. Den Kinderliedern, vorgetragen vom Berner M\u00fcnster Kinderchor im Aussenbereich vor der Kirche im Vorfeld des Festkonzerts h\u00f6rten \u00fcber 100 Personen zu.<\/p>\n\n\n\n<p>Am Festkonzert in der Kirche nahmen rund 340 Personen teil.<\/p>\n\n\n\n<p><em>Sonntag<\/em><\/p>\n\n\n\n<p>Beim Gottesdienst mit Furers Werk \u00abGolgatha\u00bb waren rund 280 Personen anwesend.<\/p>\n\n\n\n<p>250 Personen liessen sich am Chorkonzert vom Schweizer Jugendchors begeistern. Das Kammermusik-Konzert mit Studierenden der HKB besuchten rund 50 Personen.<\/p>\n\n\n\n<p>Den Kinderliedern im Aussenbereich vor der Kirche vor dem Festkonzert lauschten \u00fcber 150 Personen.<\/p>\n\n\n\n<p>Das Festkonzert am Sonntag um 17 Uhr war mit 350 Personen nahezu ausverkauft.<\/p>\n\n\n\n<p><strong>Medienberichterstattung<\/strong><\/p>\n\n\n\n<p>Im Vorfeld des Festivals Arthur Furer 2024 konnte ein beachtliches Medieninteresse festgestellt werden, was sich auf den Publikumsaufmarsch positiv auswirkte. Rezensionen wurden leider keine publiziert. Ein Veranstaltungsbericht wird in der April-Ausgabe der Quartierzeitung Quavier erscheinen.<\/p>\n\n\n\n<p><strong>Folgende Medien berichteten \u00fcber den Event:<\/strong><\/p>\n\n\n\n<ul class=\"wp-block-list\">\n<li><strong>Berner Zeitung \/ Der Bund <\/strong>(TAMedia), Vorschau Mittwoch, 20.03.24 \u00abEin Hoch auf Arthur Furer\u00bb, Seite 25, Agenda Print und online,<\/li>\n\n\n\n<li><strong>Anzeiger Region Bern <\/strong>(Mittwoch, 20.3.2024, 1 ganze Seite, Seite 18 Print und online) <a href=\"https:\/\/www.anzeigerbern.ch\/kultur\/555-den-fast-fanatischen-perfektionismus-kann-ich-erst-heute-verstehen\">\u00abDen fast fanatischen Perfektionismus kann ich erst heute verstehen\u00bb<\/a>, Auflage: 50&#8217;000 Ex (1\/3 der Haushalte in und rund um Bern), <\/li>\n\n\n\n<li><a href=\"http:\/\/quavier.ch\/aktuelle-ausgabe.html\"><strong>Quartierzeitung Quavier <\/strong>3. M\u00e4rz 2024<\/a>,Agenda Petrusgemeinde, Auflage 15&#8217;500 Ex., <\/li>\n\n\n\n<li><strong>Quartierzeitung Quavier <\/strong>April-Ausgabe, Veranstaltungsbericht mit Foto (folgt)<\/li>\n\n\n\n<li><a href=\"https:\/\/www.bka.ch\/magazin\/article\/er-vertonte-auch-mal-seinen-tinnitus\"><strong>Berner Kulturagenda <\/strong>12.3.2024<\/a>,Titelseite und Seite 3, Print und online, Print: Auflage: 70&#8217;000 Ex. (Beilage Berner Zeitung und Der Bund) <br>https:\/\/www.yumpu.com\/de\/document\/read\/68649778\/bka-n5<br>online: https:\/\/www.bka.ch\/magazin\/article\/er-vertonte-auch-mal-seinen-tinnitus&nbsp;<\/li>\n\n\n\n<li><strong>Kulturmagazin Ensuite, <\/strong>3.3.2024, M\u00e4rz-Ausgabe, Agenda und redaktioneller Beitrag,Print- Auflage: 10&#8217;000 Ex.<\/li>\n\n\n\n<li><strong><a href=\"https:\/\/www.plattformj.ch\/artikel\/219170\/\">Plattform J<\/a> <\/strong>(Jungfrauzeitung), 20.3.2024 Onlineplattform<\/li>\n<\/ul>\n\n\n\n<p>Der Verein Music Research &amp; Discoveries dankt allen Mitwirkenden, Unterst\u00fctzerinnen und Unterst\u00fctzer und dem Publikum f\u00fcr dieses unvergessliche Erlebnis!<\/p>\n","protected":false},"excerpt":{"rendered":"<p>Eine Atmosph\u00e4re echter Festivalstimmung pr\u00e4gte das Konzertwochenende auf dem Areal der Petruskirchgemeinde Bern vom 23. bis zum 24. M\u00e4rz 2024 zum 100. Geburtstag des Berner Komponisten, Musikers und Musikp\u00e4dagogen Arthur Furer. <\/p>\n","protected":false},"author":1,"featured_media":4100,"menu_order":0,"template":"","meta":{"inline_featured_image":false},"categories":[646],"tags":[657,519,659,649,656,650,523,50,654,653,658,652,655,521,651],"class_list":["post-4099","news","type-news","status-publish","has-post-thumbnail","hentry","category-festival","tag-golgatha","tag-arthur-furer","tag-berner-kammerorchester-bko","tag-berner-muenster-kinderchor","tag-burgerbibliothek-bern","tag-ensemble-ardent","tag-hochschule-der-kuenste-bern-musik","tag-kaspar-zehnder","tag-kaspar-zehnder-kuenstlerischer-leiter","tag-moritz-achermann","tag-nerida-quartett","tag-patrick-secchiari","tag-petruskirche-bern","tag-schweizer-jugendchor","tag-supplements-musicaux"],"_links":{"self":[{"href":"https:\/\/kasparzehnder.com\/de\/wp-json\/wp\/v2\/news\/4099","targetHints":{"allow":["GET"]}}],"collection":[{"href":"https:\/\/kasparzehnder.com\/de\/wp-json\/wp\/v2\/news"}],"about":[{"href":"https:\/\/kasparzehnder.com\/de\/wp-json\/wp\/v2\/types\/news"}],"author":[{"embeddable":true,"href":"https:\/\/kasparzehnder.com\/de\/wp-json\/wp\/v2\/users\/1"}],"wp:featuredmedia":[{"embeddable":true,"href":"https:\/\/kasparzehnder.com\/de\/wp-json\/wp\/v2\/media\/4100"}],"wp:attachment":[{"href":"https:\/\/kasparzehnder.com\/de\/wp-json\/wp\/v2\/media?parent=4099"}],"wp:term":[{"taxonomy":"category","embeddable":true,"href":"https:\/\/kasparzehnder.com\/de\/wp-json\/wp\/v2\/categories?post=4099"},{"taxonomy":"post_tag","embeddable":true,"href":"https:\/\/kasparzehnder.com\/de\/wp-json\/wp\/v2\/tags?post=4099"}],"curies":[{"name":"wp","href":"https:\/\/api.w.org\/{rel}","templated":true}]}}