{"id":4121,"date":"2024-05-06T11:00:00","date_gmt":"2024-05-06T10:00:00","guid":{"rendered":"https:\/\/kasparzehnder.com\/de\/?post_type=news&#038;p=4121"},"modified":"2024-05-07T14:54:08","modified_gmt":"2024-05-07T13:54:08","slug":"16-05-2024-2000-uhr-radio-srf-2-kultur-ein-oekumenischer-lobgesang","status":"publish","type":"news","link":"https:\/\/kasparzehnder.com\/de\/news\/16-05-2024-2000-uhr-radio-srf-2-kultur-ein-oekumenischer-lobgesang\/","title":{"rendered":"16.05.2024, 20:00 Uhr, Radio SRF 2 Kultur &#8211; Ein \u00f6kumenischer Lobgesang"},"content":{"rendered":"\n<p>Hundert Jahre alt w\u00e4re der Berner Komponist Arthur Furer diesen Fr\u00fchling geworden. In Bern fand aus diesem Anlass unter der Leitung von Kaspar Zehnder im M\u00e4rz 2024 ein ganzes Wochenende statt mit Auff\u00fchrungen seiner Musik, darunter auch zwei geistliche Werke, gespielt vom Berner Kammerorchester. Radie SRF 2 Kultur hat die Konzerte aufgenommen und strahlt sie am Donnerstag, 16.5.2024 um 20.00 aus.<\/p>\n\n\n\n<div class=\"wp-block-buttons is-layout-flex wp-block-buttons-is-layout-flex\">\n<div class=\"wp-block-button\"><a class=\"wp-block-button__link wp-element-button\" href=\"https:\/\/www.srf.ch\/audio\/im-konzertsaal\/ein-oekumenischer-lobgesang?id=12578003\" target=\"_blank\" rel=\"noreferrer noopener\">Zur Ausstrahlung SRF2 Kultur<\/a><\/div>\n<\/div>\n","protected":false},"excerpt":{"rendered":"<p>Hundert Jahre alt w\u00e4re der Berner Komponist Arthur Furer diesen Fr\u00fchling geworden. In Bern fand aus diesem Anlass unter der Leitung von Kaspar Zehnder im M\u00e4rz 2024 ein ganzes Wochenende statt mit Auff\u00fchrungen seiner Musik, darunter auch zwei geistliche Werke, gespielt vom Berner Kammerorchester. Radie SRF 2 Kultur hat die Konzerte aufgenommen und strahlt sie [&hellip;]<\/p>\n","protected":false},"author":1,"featured_media":4122,"menu_order":0,"template":"","meta":{"inline_featured_image":false},"categories":[642],"tags":[661,519,659,660,50,655,643],"class_list":["post-4121","news","type-news","status-publish","has-post-thumbnail","hentry","category-radio-und-fernsehen","tag-lobgesang","tag-arthur-furer","tag-berner-kammerorchester-bko","tag-felix-mendelssohn","tag-kaspar-zehnder","tag-petruskirche-bern","tag-srf2-kultur"],"_links":{"self":[{"href":"https:\/\/kasparzehnder.com\/de\/wp-json\/wp\/v2\/news\/4121","targetHints":{"allow":["GET"]}}],"collection":[{"href":"https:\/\/kasparzehnder.com\/de\/wp-json\/wp\/v2\/news"}],"about":[{"href":"https:\/\/kasparzehnder.com\/de\/wp-json\/wp\/v2\/types\/news"}],"author":[{"embeddable":true,"href":"https:\/\/kasparzehnder.com\/de\/wp-json\/wp\/v2\/users\/1"}],"wp:featuredmedia":[{"embeddable":true,"href":"https:\/\/kasparzehnder.com\/de\/wp-json\/wp\/v2\/media\/4122"}],"wp:attachment":[{"href":"https:\/\/kasparzehnder.com\/de\/wp-json\/wp\/v2\/media?parent=4121"}],"wp:term":[{"taxonomy":"category","embeddable":true,"href":"https:\/\/kasparzehnder.com\/de\/wp-json\/wp\/v2\/categories?post=4121"},{"taxonomy":"post_tag","embeddable":true,"href":"https:\/\/kasparzehnder.com\/de\/wp-json\/wp\/v2\/tags?post=4121"}],"curies":[{"name":"wp","href":"https:\/\/api.w.org\/{rel}","templated":true}]}}