{"id":266,"count":2,"description":"","link":"https:\/\/kasparzehnder.com\/de\/tag\/leos-janacek\/","name":"Leo\u0161 Jan\u00e1\u010dek","slug":"leos-janacek","taxonomy":"post_tag","meta":[],"_links":{"self":[{"href":"https:\/\/kasparzehnder.com\/de\/wp-json\/wp\/v2\/tags\/266","targetHints":{"allow":["GET"]}}],"collection":[{"href":"https:\/\/kasparzehnder.com\/de\/wp-json\/wp\/v2\/tags"}],"about":[{"href":"https:\/\/kasparzehnder.com\/de\/wp-json\/wp\/v2\/taxonomies\/post_tag"}],"wp:post_type":[{"href":"https:\/\/kasparzehnder.com\/de\/wp-json\/wp\/v2\/posts?tags=266"},{"href":"https:\/\/kasparzehnder.com\/de\/wp-json\/wp\/v2\/album?tags=266"},{"href":"https:\/\/kasparzehnder.com\/de\/wp-json\/wp\/v2\/news?tags=266"},{"href":"https:\/\/kasparzehnder.com\/de\/wp-json\/wp\/v2\/concert_critics?tags=266"},{"href":"https:\/\/kasparzehnder.com\/de\/wp-json\/wp\/v2\/cd_reviews?tags=266"},{"href":"https:\/\/kasparzehnder.com\/de\/wp-json\/wp\/v2\/interviews?tags=266"},{"href":"https:\/\/kasparzehnder.com\/de\/wp-json\/wp\/v2\/mec-events?tags=266"}],"curies":[{"name":"wp","href":"https:\/\/api.w.org\/{rel}","templated":true}]}}