{"id":345,"count":2,"description":"","link":"https:\/\/kasparzehnder.com\/de\/tag\/jiri-vodicka\/","name":"Ji\u0159\u00ed Vodi\u010dka","slug":"jiri-vodicka","taxonomy":"post_tag","meta":[],"_links":{"self":[{"href":"https:\/\/kasparzehnder.com\/de\/wp-json\/wp\/v2\/tags\/345","targetHints":{"allow":["GET"]}}],"collection":[{"href":"https:\/\/kasparzehnder.com\/de\/wp-json\/wp\/v2\/tags"}],"about":[{"href":"https:\/\/kasparzehnder.com\/de\/wp-json\/wp\/v2\/taxonomies\/post_tag"}],"wp:post_type":[{"href":"https:\/\/kasparzehnder.com\/de\/wp-json\/wp\/v2\/posts?tags=345"},{"href":"https:\/\/kasparzehnder.com\/de\/wp-json\/wp\/v2\/album?tags=345"},{"href":"https:\/\/kasparzehnder.com\/de\/wp-json\/wp\/v2\/news?tags=345"},{"href":"https:\/\/kasparzehnder.com\/de\/wp-json\/wp\/v2\/concert_critics?tags=345"},{"href":"https:\/\/kasparzehnder.com\/de\/wp-json\/wp\/v2\/cd_reviews?tags=345"},{"href":"https:\/\/kasparzehnder.com\/de\/wp-json\/wp\/v2\/interviews?tags=345"},{"href":"https:\/\/kasparzehnder.com\/de\/wp-json\/wp\/v2\/mec-events?tags=345"}],"curies":[{"name":"wp","href":"https:\/\/api.w.org\/{rel}","templated":true}]}}