{"id":627,"date":"2021-11-06T22:30:48","date_gmt":"2021-11-06T22:30:48","guid":{"rendered":"https:\/\/kasparzehnder.com\/en\/?post_type=press_downloads&#038;p=627"},"modified":"2021-11-06T22:30:48","modified_gmt":"2021-11-06T22:30:48","slug":"concert-of-the-prague-philharmonic-dvorakova-sin-rudolfina-28-10","status":"publish","type":"press_downloads","link":"https:\/\/kasparzehnder.com\/en\/press_downloads\/concert-of-the-prague-philharmonic-dvorakova-sin-rudolfina-28-10\/","title":{"rendered":"Concert of the Prague Philharmonic \u00abDvo\u0159\u00e1kova s\u00ed\u0148 Rudolfina\u00bb 28 10"},"content":{"rendered":"\n<p><a rel=\"noreferrer noopener\" href=\"https:\/\/kasparzehnder.com\/en\/wp-content\/uploads\/sites\/2\/2021\/11\/PFK_29-10-19-presse.pdf\" data-type=\"URL\" data-id=\"https:\/\/kasparzehnder.com\/en\/wp-content\/uploads\/sites\/2\/2021\/11\/PFK_29-10-19-presse.pdf\" target=\"_blank\">Read the press release in Czech<\/a>  <img decoding=\"async\" width=\"29\" height=\"25\" class=\"wp-image-628\" style=\"width: 29px;\" src=\"https:\/\/kasparzehnder.com\/en\/wp-content\/uploads\/sites\/2\/2021\/11\/icon-press.svg\" alt=\"\"><\/p>\n","protected":false},"author":1,"featured_media":0,"template":"","meta":{"inline_featured_image":false},"class_list":["post-627","press_downloads","type-press_downloads","status-publish","hentry"],"_links":{"self":[{"href":"https:\/\/kasparzehnder.com\/en\/wp-json\/wp\/v2\/press_downloads\/627","targetHints":{"allow":["GET"]}}],"collection":[{"href":"https:\/\/kasparzehnder.com\/en\/wp-json\/wp\/v2\/press_downloads"}],"about":[{"href":"https:\/\/kasparzehnder.com\/en\/wp-json\/wp\/v2\/types\/press_downloads"}],"author":[{"embeddable":true,"href":"https:\/\/kasparzehnder.com\/en\/wp-json\/wp\/v2\/users\/1"}],"wp:attachment":[{"href":"https:\/\/kasparzehnder.com\/en\/wp-json\/wp\/v2\/media?parent=627"}],"curies":[{"name":"wp","href":"https:\/\/api.w.org\/{rel}","templated":true}]}}